{"id":43,"date":"2017-01-19T16:49:34","date_gmt":"2017-01-19T16:49:34","guid":{"rendered":"https:\/\/pantasmasdeoza.wordpress.com\/?p=43"},"modified":"2017-05-26T17:24:55","modified_gmt":"2017-05-26T17:24:55","slug":"escola-sal-lence","status":"publish","type":"post","link":"https:\/\/www.redeoza.org\/pantasmasdeoza\/escola-sal-lence\/","title":{"rendered":"ESCOLA SAL LENCE"},"content":{"rendered":"<p><iframe loading=\"lazy\" style=\"border: 0;\" src=\"https:\/\/www.google.com\/maps\/embed?pb=!1m0!3m2!1sgl!2ses!4v1487962283226!6m8!1m7!1sXiHsgZZEoDW9W4FgTNADEQ!2m2!1d43.35122423088274!2d-8.38837297517668!3f312.3692215332225!4f9.440436131794655!5f0.7820865974627469\" width=\"600\" height=\"450\" frameborder=\"0\" allowfullscreen=\"allowfullscreen\"><\/iframe><\/p>\n<p>A escola Teniente M\u00e9dico Sal Lence foi inaugurada en\u00a01940. Recibiu este nome por ser unha <strong>doaz\u00f3n do m\u00e9dico <a href=\"http:\/\/www.lavozdegalicia.es\/noticia\/coruna\/2015\/11\/12\/era-jeronimo-sal-lence\/0003_201511H12C7991.htm\" target=\"_blank\" rel=\"noopener noreferrer\">Jer\u00f3nimo Sal Lence<\/a><\/strong> en recordo do seu fillo, quen morrera nun accidente de aviaci\u00f3n na Guerra Civil. O edificio\u00a0estaba xunto a estrada e ti\u00f1a enfrente unha parada do tranv\u00eda que \u00eda ata Sada e que os veci\u00f1os chamaban O Siboney. Estaba dirixida por <a href=\"http:\/\/anuariobrigantino.betanzos.net\/Valesbibliogr.pdf\" target=\"_blank\" rel=\"noopener noreferrer\">Francisco Vales Villamar\u00edn<\/a>, mestre e historiador de Betanzos quen chegara \u00f3s Castros en 1918 para dar clase na\u00a0antiga escola de nenos\u00a0na zona de Casablanca.<\/p>\n<p><img loading=\"lazy\" decoding=\"async\" class=\"alignnone size-full wp-image-269\" src=\"http:\/\/www.redeoza.org\/pantasmasdeoza\/wp-content\/uploads\/2017\/01\/Colexio-Sal-Lence_Pantasmas-de-Oza_01.jpg\" alt=\"\" width=\"1217\" height=\"913\" srcset=\"https:\/\/www.redeoza.org\/pantasmasdeoza\/wp-content\/uploads\/2017\/01\/Colexio-Sal-Lence_Pantasmas-de-Oza_01.jpg 1217w, https:\/\/www.redeoza.org\/pantasmasdeoza\/wp-content\/uploads\/2017\/01\/Colexio-Sal-Lence_Pantasmas-de-Oza_01-300x225.jpg 300w, https:\/\/www.redeoza.org\/pantasmasdeoza\/wp-content\/uploads\/2017\/01\/Colexio-Sal-Lence_Pantasmas-de-Oza_01-768x576.jpg 768w, https:\/\/www.redeoza.org\/pantasmasdeoza\/wp-content\/uploads\/2017\/01\/Colexio-Sal-Lence_Pantasmas-de-Oza_01-1024x768.jpg 1024w\" sizes=\"(max-width: 1217px) 100vw, 1217px\" \/><\/p>\n<p>Vales Villamar\u00edn xubilouse en 1961. Tempo\u00a0despois o colexio Sal Lence pechou e\u00a0acabouse derrubando o edificio. Ante a presi\u00f3n urban\u00edstica e demogr\u00e1fica que soportaba o barrio, nos anos 80, a <strong>Asociaci\u00f3n Veci\u00f1al dos Castros reivindicou que se construise un novo colexio no mesmo\u00a0solar<\/strong>\u00a0cre\u00e1ndose o actual CEIP Sal Lence, que conserva o nome e a ubicaci\u00f3n do orixinal.<\/p>\n<div id=\"attachment_345\" style=\"width: 970px\" class=\"wp-caption alignnone\"><img loading=\"lazy\" decoding=\"async\" aria-describedby=\"caption-attachment-345\" class=\"size-full wp-image-345\" src=\"http:\/\/www.redeoza.org\/pantasmasdeoza\/wp-content\/uploads\/2017\/01\/16938989_1860829424133113_6886131325573003709_n.jpg\" alt=\"\" width=\"960\" height=\"636\" srcset=\"https:\/\/www.redeoza.org\/pantasmasdeoza\/wp-content\/uploads\/2017\/01\/16938989_1860829424133113_6886131325573003709_n.jpg 960w, https:\/\/www.redeoza.org\/pantasmasdeoza\/wp-content\/uploads\/2017\/01\/16938989_1860829424133113_6886131325573003709_n-300x199.jpg 300w, https:\/\/www.redeoza.org\/pantasmasdeoza\/wp-content\/uploads\/2017\/01\/16938989_1860829424133113_6886131325573003709_n-768x509.jpg 768w\" sizes=\"(max-width: 960px) 100vw, 960px\" \/><p id=\"caption-attachment-345\" class=\"wp-caption-text\">Vales Villamar\u00edn nos seus primeiros anos nos Castros. FOTO: Cuaderno Festas<\/p><\/div>\n<p><strong>CRONOLOX\u00cdA<\/strong><br \/>\n\u00b7 1918 O profesor Vales Villamar\u00edn \u00e9 destinado \u00e1 escola\u00a0en Casablanca<br \/>\n\u00b7 1940 O m\u00e9dico Sal Lence cede un terreo e edificio para habilitar unha escola<br \/>\n\u00b7 1961 O mestre Vales Villamar\u00edn xubilase e ad\u00edcaselle unha r\u00faa no barrio<\/p>\n<p><strong>LOCALIZACI\u00d3N<\/strong><br \/>\n<a href=\"https:\/\/www.google.es\/maps\/place\/43%C2%B021'04.9%22N+8%C2%B023'17.8%22W\/@43.3513635,-8.3891051,18z\/data=!3m1!4b1!4m5!3m4!1s0x0:0x0!8m2!3d43.351362!4d-8.388282?hl=gl\" target=\"_blank\" rel=\"noopener noreferrer\">Como\u00a0chegar<\/a><\/p>\n","protected":false},"excerpt":{"rendered":"<p>A escola Teniente M\u00e9dico Sal Lence foi inaugurada en\u00a01940. Recibiu este nome por ser unha doaz\u00f3n do m\u00e9dico Jer\u00f3nimo Sal Lence en recordo do seu fillo, quen morrera nun accidente de aviaci\u00f3n na&hellip;<\/p>\n","protected":false},"author":4,"featured_media":269,"comment_status":"closed","ping_status":"open","sticky":false,"template":"","format":"standard","meta":{"footnotes":""},"categories":[8],"tags":[],"class_list":["post-43","post","type-post","status-publish","format-standard","has-post-thumbnail","hentry","category-pantasmas"],"_links":{"self":[{"href":"https:\/\/www.redeoza.org\/pantasmasdeoza\/wp-json\/wp\/v2\/posts\/43"}],"collection":[{"href":"https:\/\/www.redeoza.org\/pantasmasdeoza\/wp-json\/wp\/v2\/posts"}],"about":[{"href":"https:\/\/www.redeoza.org\/pantasmasdeoza\/wp-json\/wp\/v2\/types\/post"}],"author":[{"embeddable":true,"href":"https:\/\/www.redeoza.org\/pantasmasdeoza\/wp-json\/wp\/v2\/users\/4"}],"replies":[{"embeddable":true,"href":"https:\/\/www.redeoza.org\/pantasmasdeoza\/wp-json\/wp\/v2\/comments?post=43"}],"version-history":[{"count":12,"href":"https:\/\/www.redeoza.org\/pantasmasdeoza\/wp-json\/wp\/v2\/posts\/43\/revisions"}],"predecessor-version":[{"id":480,"href":"https:\/\/www.redeoza.org\/pantasmasdeoza\/wp-json\/wp\/v2\/posts\/43\/revisions\/480"}],"wp:featuredmedia":[{"embeddable":true,"href":"https:\/\/www.redeoza.org\/pantasmasdeoza\/wp-json\/wp\/v2\/media\/269"}],"wp:attachment":[{"href":"https:\/\/www.redeoza.org\/pantasmasdeoza\/wp-json\/wp\/v2\/media?parent=43"}],"wp:term":[{"taxonomy":"category","embeddable":true,"href":"https:\/\/www.redeoza.org\/pantasmasdeoza\/wp-json\/wp\/v2\/categories?post=43"},{"taxonomy":"post_tag","embeddable":true,"href":"https:\/\/www.redeoza.org\/pantasmasdeoza\/wp-json\/wp\/v2\/tags?post=43"}],"curies":[{"name":"wp","href":"https:\/\/api.w.org\/{rel}","templated":true}]}}