{"id":140,"date":"2017-01-20T00:56:34","date_gmt":"2017-01-20T00:56:34","guid":{"rendered":"https:\/\/pantasmasdeoza.wordpress.com\/?p=140"},"modified":"2017-05-26T17:17:19","modified_gmt":"2017-05-26T17:17:19","slug":"praia-lazareto","status":"publish","type":"post","link":"https:\/\/www.redeoza.org\/pantasmasdeoza\/praia-lazareto\/","title":{"rendered":"PRAIA DO LAZARETO"},"content":{"rendered":"<p><iframe loading=\"lazy\" style=\"border: 0;\" src=\"https:\/\/www.google.com\/maps\/embed?pb=!1m0!3m2!1sgl!2ses!4v1488383456695!6m8!1m7!1sDj3kKuGkk09zI1RZSC01VQ!2m2!1d43.34845065783831!2d-8.387709473288112!3f332.92258809675917!4f-8.809252214686722!5f0.7820865974627469\" width=\"600\" height=\"450\" frameborder=\"0\" allowfullscreen=\"allowfullscreen\"><\/iframe><\/p>\n<p>En 1586 <strong>Sir Francis Drake desembarcou na praia de Oza<\/strong> para asediar a cidade da Coru\u00f1a. Esa praia, chamada despois do lazareto, xa\u00a0non existe, desapareceu en 1969, cando se construiron os Varaderos Chas. A praia quedou reducida a unha cala de rochas na que en 1990 far\u00edanse novos novos varadoiros. Uns anos m\u00e1is tarde, o barrio recuperou a praia coa creaci\u00f3n da actual Praia de Oza, un areal artificial entre dous diques.<\/p>\n<div id=\"attachment_172\" style=\"width: 970px\" class=\"wp-caption alignnone\"><img loading=\"lazy\" decoding=\"async\" aria-describedby=\"caption-attachment-172\" class=\"size-full wp-image-172\" src=\"http:\/\/www.redeoza.org\/pantasmasdeoza\/wp-content\/uploads\/simple_photo_gallery\/1\/Praia-do-Lazareto_Pantasmas-de-Oza_01.jpg\" alt=\"praia-do-lazareto_pantasmas-de-oza_01-2\" width=\"960\" height=\"715\" srcset=\"https:\/\/www.redeoza.org\/pantasmasdeoza\/wp-content\/uploads\/simple_photo_gallery\/1\/Praia-do-Lazareto_Pantasmas-de-Oza_01.jpg 960w, https:\/\/www.redeoza.org\/pantasmasdeoza\/wp-content\/uploads\/simple_photo_gallery\/1\/Praia-do-Lazareto_Pantasmas-de-Oza_01-300x223.jpg 300w, https:\/\/www.redeoza.org\/pantasmasdeoza\/wp-content\/uploads\/simple_photo_gallery\/1\/Praia-do-Lazareto_Pantasmas-de-Oza_01-768x572.jpg 768w, https:\/\/www.redeoza.org\/pantasmasdeoza\/wp-content\/uploads\/simple_photo_gallery\/1\/Praia-do-Lazareto_Pantasmas-de-Oza_01-129x96.jpg 129w\" sizes=\"(max-width: 960px) 100vw, 960px\" \/><p id=\"caption-attachment-172\" class=\"wp-caption-text\">O acceso \u00e1 praia abr\u00edase a determinadas horas. FOTO: Alberto Mart\u00ed<\/p><\/div>\n<p>A antiga praia de Oza ocupaba a li\u00f1a de costa entre a capela de Santa Mar\u00eda de Oza e Punta Filgueira,\u00a0onde <strong>a finais do s\u00e9culo XIX se construiu un lazareto<\/strong> para someter a cuarentena \u00f3s viaxeiros e mercanc\u00edas que vi\u00f1an de Indias. De a\u00ed que se recorde como a\u00a0Praia do Lazareto. Coa marea baixa, o areal chegaba ata o lazareto limpo, onde se trataban \u00f3s pacientes menos graves e que foi\u00a0construido sobre o antigo fort\u00edn de Oza, onde agora est\u00e1 o faro. Entre ambos lazaretos, o limpo e o luxo, hab\u00eda unha ponte de ferro para garantizar o aillamento.<\/p>\n<div id=\"attachment_340\" style=\"width: 746px\" class=\"wp-caption alignnone\"><img loading=\"lazy\" decoding=\"async\" aria-describedby=\"caption-attachment-340\" class=\"wp-image-340 size-full\" src=\"http:\/\/www.redeoza.org\/pantasmasdeoza\/wp-content\/uploads\/2017\/01\/praias-de-ozaaa.jpg\" width=\"736\" height=\"552\" srcset=\"https:\/\/www.redeoza.org\/pantasmasdeoza\/wp-content\/uploads\/2017\/01\/praias-de-ozaaa.jpg 736w, https:\/\/www.redeoza.org\/pantasmasdeoza\/wp-content\/uploads\/2017\/01\/praias-de-ozaaa-300x225.jpg 300w\" sizes=\"(max-width: 736px) 100vw, 736px\" \/><p id=\"caption-attachment-340\" class=\"wp-caption-text\">A praia do Lazareto coa capela no lateral. FOTO: Alberto Mart\u00ed<\/p><\/div>\n<p>A principios do s\u00e9culo XX o lazareto convertiuse no\u00a0<a href=\"https:\/\/www.udc.gal\/biblioteca.oza\/exposicions\/pegadasdamemoria.html\" target=\"_blank\" rel=\"noopener noreferrer\">Sanatorio Mar\u00edtimo de Oza<\/a> cun\u00a0pavill\u00f3n de colonias para\u00a0nenos con doenzas\u00a0respiratorias ou de familias humildes. As\u00ed que <strong>as colonias e a veci\u00f1anza ti\u00f1an que repartirse o uso da praia<\/strong> e estableceron un horario. Os veci\u00f1os\u00a0agardaban xunto o muro da v\u00eda do tren ata que se abr\u00eda a porta de acceso\u00a0\u00e1 praia, arredor das catro da tarde. Cons\u00e9rvanse a\u00ednda parte do\u00a0muro e as portas pero xunto a elas xa non hai area, se non asfalto.<\/p>\n<p><strong>CRONOLOX\u00cdA<\/strong><br \/>\n\u00b7 1589\u00a0Desembarco de Drake na desaparecida Praia de Oza<br \/>\n\u00b7 1889\u00a0Comezan a funcionar os <a href=\"http:\/\/www.laopinioncoruna.es\/coruna\/2009\/05\/17\/perdio-cuba\/287197.html\" target=\"_blank\" rel=\"noopener noreferrer\">lazaretos luxo e limpo<\/a><br \/>\n\u00b7 1910 Inaug\u00farase o sanatorio Mar\u00edtimo de Oza<br \/>\n\u00b7 1931 Os veci\u00f1os acordan un horario co Sanatorio para utilizar a praia<br \/>\n\u00b7 1966\u00a0Autor\u00edzase a construcci\u00f3n dos Varaderos Chas<br \/>\n\u00b7 1990 Desaparecen os \u00faltimos restos da antiga praia<br \/>\n\u00b7\u00a01994 Inaug\u00farase a actual Praia de Oza<\/p>\n<p><strong>LOCALIZACI\u00d3N<\/strong><br \/>\n<a href=\"https:\/\/www.google.es\/maps\/place\/Capilla+De+Oza\/@43.3488171,-8.3871043,18.41z\/data=!4m5!3m4!1s0x0:0xfa2017f7663114bd!8m2!3d43.3481203!4d-8.3873628?hl=gl\" target=\"_blank\" rel=\"noopener noreferrer\">Como chegar<\/a><\/p>\n","protected":false},"excerpt":{"rendered":"<p>En 1586 Sir Francis Drake desembarcou na praia de Oza para asediar a cidade da Coru\u00f1a. Esa praia, chamada despois do lazareto, xa\u00a0non existe, desapareceu en 1969, cando se construiron os Varaderos Chas.&hellip;<\/p>\n","protected":false},"author":4,"featured_media":148,"comment_status":"closed","ping_status":"open","sticky":false,"template":"","format":"standard","meta":{"footnotes":""},"categories":[8],"tags":[],"class_list":["post-140","post","type-post","status-publish","format-standard","has-post-thumbnail","hentry","category-pantasmas"],"_links":{"self":[{"href":"https:\/\/www.redeoza.org\/pantasmasdeoza\/wp-json\/wp\/v2\/posts\/140"}],"collection":[{"href":"https:\/\/www.redeoza.org\/pantasmasdeoza\/wp-json\/wp\/v2\/posts"}],"about":[{"href":"https:\/\/www.redeoza.org\/pantasmasdeoza\/wp-json\/wp\/v2\/types\/post"}],"author":[{"embeddable":true,"href":"https:\/\/www.redeoza.org\/pantasmasdeoza\/wp-json\/wp\/v2\/users\/4"}],"replies":[{"embeddable":true,"href":"https:\/\/www.redeoza.org\/pantasmasdeoza\/wp-json\/wp\/v2\/comments?post=140"}],"version-history":[{"count":10,"href":"https:\/\/www.redeoza.org\/pantasmasdeoza\/wp-json\/wp\/v2\/posts\/140\/revisions"}],"predecessor-version":[{"id":477,"href":"https:\/\/www.redeoza.org\/pantasmasdeoza\/wp-json\/wp\/v2\/posts\/140\/revisions\/477"}],"wp:featuredmedia":[{"embeddable":true,"href":"https:\/\/www.redeoza.org\/pantasmasdeoza\/wp-json\/wp\/v2\/media\/148"}],"wp:attachment":[{"href":"https:\/\/www.redeoza.org\/pantasmasdeoza\/wp-json\/wp\/v2\/media?parent=140"}],"wp:term":[{"taxonomy":"category","embeddable":true,"href":"https:\/\/www.redeoza.org\/pantasmasdeoza\/wp-json\/wp\/v2\/categories?post=140"},{"taxonomy":"post_tag","embeddable":true,"href":"https:\/\/www.redeoza.org\/pantasmasdeoza\/wp-json\/wp\/v2\/tags?post=140"}],"curies":[{"name":"wp","href":"https:\/\/api.w.org\/{rel}","templated":true}]}}